{"id":456,"date":"2026-01-21T10:20:35","date_gmt":"2026-01-21T13:20:35","guid":{"rendered":"https:\/\/www.transfercar.com.br\/blog\/?p=456"},"modified":"2026-01-21T10:20:37","modified_gmt":"2026-01-21T13:20:37","slug":"pre-carnaval-pelo-brasil-guia-atualizado","status":"publish","type":"post","link":"https:\/\/www.transfercar.com.br\/blog\/?p=456","title":{"rendered":"Pr\u00e9-Carnaval pelo Brasil: Guia Atualizado"},"content":{"rendered":"\n<p>O Carnaval \u00e9 a maior festa popular do Brasil \u2014 mas, antes mesmo da folia oficial em fevereiro, muitas cidades j\u00e1 esquentam com o\u00a0<strong>pr\u00e9-Carnaval<\/strong>. Oferecendo blocos, festas e desfiles de rua que atraem foli\u00f5es de todo o pa\u00eds. Se voc\u00ea quer aproveitar essa fase animada, descubra as principais datas e eventos em\u00a0<strong>Rio de Janeiro, Salvador e S\u00e3o Paulo<\/strong>. Al\u00e9m de dicas para planejar sua viagem com economia e estilo.\u00a0<\/p>\n\n\n\n<hr class=\"wp-block-separator has-alpha-channel-opacity\" \/>\n\n\n\n<h2 class=\"wp-block-heading\">\ud83c\udfad O que \u00e9 o Pr\u00e9-Carnaval?<\/h2>\n\n\n\n<p>Antes do Carnaval oficial \u2014 que em 2026 est\u00e1 marcado entre\u00a0<strong>13 e 18 de fevereiro<\/strong>\u00a0em muitas cidades brasileiras \u2014 o\u00a0<strong>pr\u00e9-Carnaval<\/strong>\u00a0acontece nos finais de semana e em datas anteriores, com blocos de rua, festas e ensaios que aquecem a folia. Essa fase \u00e9 perfeita para quem quer viver a energia da festa com menos multid\u00f5es e aproveitar cada momento da temporada carnavalesca.\u00a0<\/p>\n\n\n\n<hr class=\"wp-block-separator has-alpha-channel-opacity\" \/>\n\n\n\n<h2 class=\"wp-block-heading\">\ud83d\udccd Rio de Janeiro (RJ)<\/h2>\n\n\n\n<h3 class=\"wp-block-heading\">Quando?<\/h3>\n\n\n\n<p>O\u00a0<strong>pr\u00e9-Carnaval carioca em 2026<\/strong>\u00a0come\u00e7a j\u00e1 no dia\u00a0<strong>04 de janeiro de 2026 (s\u00e1bado)<\/strong>. Seguindo nos finais de semana at\u00e9 pouco antes do Carnaval oficial nos dias\u00a0<strong>07 e 08 de fevereiro<\/strong>.\u00a0<\/p>\n\n\n\n<h3 class=\"wp-block-heading\">O que esperar?<\/h3>\n\n\n\n<p>Nos s\u00e1bados e domingos de janeiro e in\u00edcio de fevereiro, diversos blocos de rua tomam as ruas do Rio em um clima contagiante de samba, marchinhas e muita alegria.<br>A cidade \u00e9 considerada a capital dos blocos no Brasil, com eventos que variam desde pequenos desfiles de bairro at\u00e9 grandes cortejos que arrastam multid\u00f5es.&nbsp;<\/p>\n\n\n\n<hr class=\"wp-block-separator has-alpha-channel-opacity\" \/>\n\n\n\n<h2 class=\"wp-block-heading\">\ud83c\udfb5 Salvador (BA)<\/h2>\n\n\n\n<h3 class=\"wp-block-heading\">Quando?<\/h3>\n\n\n\n<p>Em Salvador, certamente, a folia \u00e9 intensa desde antes do Carnaval oficial (que em 2026 come\u00e7a no dia\u00a0<strong>12 de fevereiro<\/strong>), com trios el\u00e9tricos, blocos e festas de todos os estilos.\u00a0<\/p>\n\n\n\n<h3 class=\"wp-block-heading\">O que esperar?<\/h3>\n\n\n\n<p>O pr\u00e9-Carnaval em Salvador costuma ser dominado pelos famosos trios el\u00e9tricos e blocos. Tudo levando a alegria de banda em banda pelos circuitos da cidade, como\u00a0<strong>Barra-Ondina<\/strong>\u00a0e\u00a0<strong>Campo Grande<\/strong>. Essa pr\u00e9via da folia mistura ax\u00e9, samba e m\u00fasica popular em uma celebra\u00e7\u00e3o vibrante e caracter\u00edstica da cultura baiana.\u00a0<\/p>\n\n\n\n<hr class=\"wp-block-separator has-alpha-channel-opacity\" \/>\n\n\n\n<h2 class=\"wp-block-heading\">\ud83c\udfb7 S\u00e3o Paulo (SP)<\/h2>\n\n\n\n<h3 class=\"wp-block-heading\">Quando?<\/h3>\n\n\n\n<p>No\u00a0<strong>pr\u00e9-Carnaval de S\u00e3o Paulo 2026<\/strong>, portanto, os principais blocos agitam as ruas nos dias\u00a0<strong>07 e 08 de fevereiro de 2026 (s\u00e1bado e domingo)<\/strong>, pouco antes da folia oficial come\u00e7ar nos dias 14 a 17.\u00a0<\/p>\n\n\n\n<h3 class=\"wp-block-heading\">O que esperar?<\/h3>\n\n\n\n<p>A capital paulista tem uma programa\u00e7\u00e3o variada de blocos de rua que atingem diferentes p\u00fablicos \u2014 desde marchinhas tradicionais at\u00e9 festas com ritmos urbanos e performances ao ar livre. Alguns dos blocos mais populares que costumam aparecer nessa fase incluem o&nbsp;<strong>Casa Comigo<\/strong>,&nbsp;<strong>Bicho Maluco Beleza<\/strong>&nbsp;e&nbsp;<strong>Acad\u00eamicos do Baixo Augusta<\/strong>, entre muitos outros.&nbsp;<\/p>\n\n\n\n<hr class=\"wp-block-separator has-alpha-channel-opacity\" \/>\n\n\n\n<h2 class=\"wp-block-heading\">\ud83c\udf89 Dicas para Planejar seu Pr\u00e9-Carnaval<\/h2>\n\n\n\n<p>\u2728&nbsp;<strong>Flexibilidade \u00e9 a chave<\/strong>: Como muitos blocos acontecem aos finais de semana antes do Carnaval oficial, programe sua viagem com anteced\u00eancia para garantir transporte e hospedagem.<\/p>\n\n\n\n<p>\ud83d\ude97&nbsp;<strong>Economize com a Transfercar<\/strong>: Viajar de carro com di\u00e1rias gr\u00e1tis da&nbsp;<strong>Transfercar<\/strong>&nbsp;pode ser uma op\u00e7\u00e3o econ\u00f4mica e confort\u00e1vel para curtir o pr\u00e9-Carnaval sem gastar uma fortuna com loca\u00e7\u00e3o tradicional.<\/p>\n\n\n\n<p>\ud83d\udcc6&nbsp;<strong>Confira as datas atualizadas<\/strong>: Os calend\u00e1rios de blocos e programa\u00e7\u00e3o costumam ser liberados com anteced\u00eancia nas p\u00e1ginas oficiais das prefeituras e em sites especializados.<\/p>\n\n\n\n<p>\ud83c\udfb6&nbsp;<strong>Curta cada cidade com autenticidade<\/strong>: Cada local tem sua pr\u00f3pria energia \u2014 o samba vibrante do Rio, os trios el\u00e9tricos de Salvador e a diversidade dos blocos paulistanos.<\/p>\n\n\n\n<hr class=\"wp-block-separator has-alpha-channel-opacity\" \/>\n\n\n\n<h2 class=\"wp-block-heading\">\ud83c\udf7e Por que n\u00e3o perder o Pr\u00e9-Carnaval?<\/h2>\n\n\n\n<p>O pr\u00e9-Carnaval \u00e9 mais do que um aquecimento para o grande dia: ele \u00e9 um&nbsp;<strong>momento \u00fanico de celebra\u00e7\u00e3o<\/strong>, com blocos que misturam tradi\u00e7\u00e3o e modernidade, m\u00fasica em todos os cantos e uma atmosfera contagiante que prepara o cora\u00e7\u00e3o para a folia principal.<\/p>\n\n\n\n<p>Se voc\u00ea quer viver o Carnaval com mais tempo, mais experi\u00eancias e menos gastos, entretanto, planejar suas viagens para o pr\u00e9-Carnaval pode ser a melhor decis\u00e3o do ano!<\/p>\n\n\n\n<hr class=\"wp-block-separator has-alpha-channel-opacity\" \/>\n\n\n\n<p><strong>Curtiu?<\/strong>\u00a0Aproveite nossas dicas e programe sua road trip com Transfercar para viver o melhor do Carnaval 2026 desde o aquecimento da festa! \ud83c\udfad\ud83d\ude97\ud83c\udf89<br><br><a href=\"https:\/\/www.transfercar.com.br\/search\">Confira nossas rotas e viaje para estes lugares incr\u00edveis.<\/a>&nbsp;: https:\/\/www.transfercar.com.br\/search<br><a href=\"https:\/\/www.instagram.com\/transfercar_brasil\/\">Nos acompanhe nas nossas midias sociais.<\/a>&nbsp;: https:\/\/www.instagram.com\/transfercar_brasil\/<\/p>\n\n\n\n<p><a href=\"https:\/\/www.transfercar.com.br\/register\">Se cadastre como motorista e receba ofertas incr\u00edveis<\/a>. : https:\/\/www.transfercar.com.br\/register<br><br>A Transfercar \u00e9 um servi\u00e7o de REALOCA\u00c7\u00c3O de carros, assim conseguimos os carros das maiores locadoras do Brasil com DI\u00c1RIAS GR\u00c1TIS. Portanto, se voc\u00ea gosta de viajar, n\u00e3o apenas conhe\u00e7a nossos servi\u00e7os, mas tamb\u00e9m fa\u00e7a parte desta fam\u00edlia de viajantes no Brasil e no mundo<\/p>\n","protected":false},"excerpt":{"rendered":"<p>O Carnaval \u00e9 a maior festa popular do Brasil \u2014 mas, antes mesmo da folia oficial em fevereiro, muitas cidades j\u00e1 esquentam com o\u00a0pr\u00e9-Carnaval. Oferecendo blocos, festas e desfiles de rua que atraem foli\u00f5es de todo o pa\u00eds. Se voc\u00ea quer aproveitar essa fase animada, descubra as principais datas e eventos em\u00a0Rio de Janeiro, Salvador &#8230;. <a class=\"read-more\" href=\"https:\/\/www.transfercar.com.br\/blog\/?p=456\">Read More<\/a><\/p>\n","protected":false},"author":6,"featured_media":0,"comment_status":"open","ping_status":"open","sticky":false,"template":"","format":"standard","meta":{"footnotes":""},"categories":[1],"tags":[],"class_list":["post-456","post","type-post","status-publish","format-standard","hentry","category-uncategorized"],"yoast_head":"<!-- This site is optimized with the Yoast SEO plugin v24.7 - https:\/\/yoast.com\/wordpress\/plugins\/seo\/ -->\n<title>Pr\u00e9-Carnaval pelo Brasil: Guia Atualizado - Transfercar Brasil<\/title>\n<meta name=\"description\" content=\"O Carnaval \u00e9 a maior festa popular do Brasil \u2014 mas, antes mesmo da folia, muitas cidades j\u00e1 esquentam o clima com o\u00a0pr\u00e9-Carnaval\" \/>\n<meta name=\"robots\" content=\"index, follow, max-snippet:-1, max-image-preview:large, max-video-preview:-1\" \/>\n<link rel=\"canonical\" href=\"https:\/\/www.transfercar.com.br\/blog\/?p=456\" \/>\n<meta property=\"og:locale\" content=\"pt_BR\" \/>\n<meta property=\"og:type\" content=\"article\" \/>\n<meta property=\"og:title\" content=\"Pr\u00e9-Carnaval pelo Brasil: Guia Atualizado - Transfercar Brasil\" \/>\n<meta property=\"og:description\" content=\"O Carnaval \u00e9 a maior festa popular do Brasil \u2014 mas, antes mesmo da folia, muitas cidades j\u00e1 esquentam o clima com o\u00a0pr\u00e9-Carnaval\" \/>\n<meta property=\"og:url\" content=\"https:\/\/www.transfercar.com.br\/blog\/?p=456\" \/>\n<meta property=\"og:site_name\" content=\"Transfercar Brasil\" \/>\n<meta property=\"article:published_time\" content=\"2026-01-21T13:20:35+00:00\" \/>\n<meta property=\"article:modified_time\" content=\"2026-01-21T13:20:37+00:00\" \/>\n<meta name=\"author\" content=\"Ivan Postilhone\" \/>\n<meta name=\"twitter:card\" content=\"summary_large_image\" \/>\n<meta name=\"twitter:label1\" content=\"Escrito por\" \/>\n\t<meta name=\"twitter:data1\" content=\"Ivan Postilhone\" \/>\n\t<meta name=\"twitter:label2\" content=\"Est. tempo de leitura\" \/>\n\t<meta name=\"twitter:data2\" content=\"4 minutos\" \/>\n<script type=\"application\/ld+json\" class=\"yoast-schema-graph\">{\"@context\":\"https:\/\/schema.org\",\"@graph\":[{\"@type\":\"WebPage\",\"@id\":\"https:\/\/www.transfercar.com.br\/blog\/?p=456\",\"url\":\"https:\/\/www.transfercar.com.br\/blog\/?p=456\",\"name\":\"Pr\u00e9-Carnaval pelo Brasil: Guia Atualizado - Transfercar Brasil\",\"isPartOf\":{\"@id\":\"https:\/\/www.transfercar.com.br\/blog\/#website\"},\"datePublished\":\"2026-01-21T13:20:35+00:00\",\"dateModified\":\"2026-01-21T13:20:37+00:00\",\"author\":{\"@id\":\"https:\/\/www.transfercar.com.br\/blog\/#\/schema\/person\/8d4b5a8a7c598c3c5530abe9d6a96699\"},\"description\":\"O Carnaval \u00e9 a maior festa popular do Brasil \u2014 mas, antes mesmo da folia, muitas cidades j\u00e1 esquentam o clima com o\u00a0pr\u00e9-Carnaval\",\"breadcrumb\":{\"@id\":\"https:\/\/www.transfercar.com.br\/blog\/?p=456#breadcrumb\"},\"inLanguage\":\"pt-BR\",\"potentialAction\":[{\"@type\":\"ReadAction\",\"target\":[\"https:\/\/www.transfercar.com.br\/blog\/?p=456\"]}]},{\"@type\":\"BreadcrumbList\",\"@id\":\"https:\/\/www.transfercar.com.br\/blog\/?p=456#breadcrumb\",\"itemListElement\":[{\"@type\":\"ListItem\",\"position\":1,\"name\":\"Home\",\"item\":\"https:\/\/www.transfercar.com.br\/blog\/\"},{\"@type\":\"ListItem\",\"position\":2,\"name\":\"Pr\u00e9-Carnaval pelo Brasil: Guia Atualizado\"}]},{\"@type\":\"WebSite\",\"@id\":\"https:\/\/www.transfercar.com.br\/blog\/#website\",\"url\":\"https:\/\/www.transfercar.com.br\/blog\/\",\"name\":\"Transfercar Brasil\",\"description\":\"Realoca\u00e7\u00e3o de ve\u00edculos em todo Brasil\",\"potentialAction\":[{\"@type\":\"SearchAction\",\"target\":{\"@type\":\"EntryPoint\",\"urlTemplate\":\"https:\/\/www.transfercar.com.br\/blog\/?s={search_term_string}\"},\"query-input\":{\"@type\":\"PropertyValueSpecification\",\"valueRequired\":true,\"valueName\":\"search_term_string\"}}],\"inLanguage\":\"pt-BR\"},{\"@type\":\"Person\",\"@id\":\"https:\/\/www.transfercar.com.br\/blog\/#\/schema\/person\/8d4b5a8a7c598c3c5530abe9d6a96699\",\"name\":\"Ivan Postilhone\",\"image\":{\"@type\":\"ImageObject\",\"inLanguage\":\"pt-BR\",\"@id\":\"https:\/\/www.transfercar.com.br\/blog\/#\/schema\/person\/image\/\",\"url\":\"https:\/\/secure.gravatar.com\/avatar\/3eebed183ab78b5200db37ba7b9b9ffd?s=96&d=mm&r=g\",\"contentUrl\":\"https:\/\/secure.gravatar.com\/avatar\/3eebed183ab78b5200db37ba7b9b9ffd?s=96&d=mm&r=g\",\"caption\":\"Ivan Postilhone\"},\"url\":\"https:\/\/www.transfercar.com.br\/blog\/?author=6\"}]}<\/script>\n<!-- \/ Yoast SEO plugin. -->","yoast_head_json":{"title":"Pr\u00e9-Carnaval pelo Brasil: Guia Atualizado - Transfercar Brasil","description":"O Carnaval \u00e9 a maior festa popular do Brasil \u2014 mas, antes mesmo da folia, muitas cidades j\u00e1 esquentam o clima com o\u00a0pr\u00e9-Carnaval","robots":{"index":"index","follow":"follow","max-snippet":"max-snippet:-1","max-image-preview":"max-image-preview:large","max-video-preview":"max-video-preview:-1"},"canonical":"https:\/\/www.transfercar.com.br\/blog\/?p=456","og_locale":"pt_BR","og_type":"article","og_title":"Pr\u00e9-Carnaval pelo Brasil: Guia Atualizado - Transfercar Brasil","og_description":"O Carnaval \u00e9 a maior festa popular do Brasil \u2014 mas, antes mesmo da folia, muitas cidades j\u00e1 esquentam o clima com o\u00a0pr\u00e9-Carnaval","og_url":"https:\/\/www.transfercar.com.br\/blog\/?p=456","og_site_name":"Transfercar Brasil","article_published_time":"2026-01-21T13:20:35+00:00","article_modified_time":"2026-01-21T13:20:37+00:00","author":"Ivan Postilhone","twitter_card":"summary_large_image","twitter_misc":{"Escrito por":"Ivan Postilhone","Est. tempo de leitura":"4 minutos"},"schema":{"@context":"https:\/\/schema.org","@graph":[{"@type":"WebPage","@id":"https:\/\/www.transfercar.com.br\/blog\/?p=456","url":"https:\/\/www.transfercar.com.br\/blog\/?p=456","name":"Pr\u00e9-Carnaval pelo Brasil: Guia Atualizado - Transfercar Brasil","isPartOf":{"@id":"https:\/\/www.transfercar.com.br\/blog\/#website"},"datePublished":"2026-01-21T13:20:35+00:00","dateModified":"2026-01-21T13:20:37+00:00","author":{"@id":"https:\/\/www.transfercar.com.br\/blog\/#\/schema\/person\/8d4b5a8a7c598c3c5530abe9d6a96699"},"description":"O Carnaval \u00e9 a maior festa popular do Brasil \u2014 mas, antes mesmo da folia, muitas cidades j\u00e1 esquentam o clima com o\u00a0pr\u00e9-Carnaval","breadcrumb":{"@id":"https:\/\/www.transfercar.com.br\/blog\/?p=456#breadcrumb"},"inLanguage":"pt-BR","potentialAction":[{"@type":"ReadAction","target":["https:\/\/www.transfercar.com.br\/blog\/?p=456"]}]},{"@type":"BreadcrumbList","@id":"https:\/\/www.transfercar.com.br\/blog\/?p=456#breadcrumb","itemListElement":[{"@type":"ListItem","position":1,"name":"Home","item":"https:\/\/www.transfercar.com.br\/blog\/"},{"@type":"ListItem","position":2,"name":"Pr\u00e9-Carnaval pelo Brasil: Guia Atualizado"}]},{"@type":"WebSite","@id":"https:\/\/www.transfercar.com.br\/blog\/#website","url":"https:\/\/www.transfercar.com.br\/blog\/","name":"Transfercar Brasil","description":"Realoca\u00e7\u00e3o de ve\u00edculos em todo Brasil","potentialAction":[{"@type":"SearchAction","target":{"@type":"EntryPoint","urlTemplate":"https:\/\/www.transfercar.com.br\/blog\/?s={search_term_string}"},"query-input":{"@type":"PropertyValueSpecification","valueRequired":true,"valueName":"search_term_string"}}],"inLanguage":"pt-BR"},{"@type":"Person","@id":"https:\/\/www.transfercar.com.br\/blog\/#\/schema\/person\/8d4b5a8a7c598c3c5530abe9d6a96699","name":"Ivan Postilhone","image":{"@type":"ImageObject","inLanguage":"pt-BR","@id":"https:\/\/www.transfercar.com.br\/blog\/#\/schema\/person\/image\/","url":"https:\/\/secure.gravatar.com\/avatar\/3eebed183ab78b5200db37ba7b9b9ffd?s=96&d=mm&r=g","contentUrl":"https:\/\/secure.gravatar.com\/avatar\/3eebed183ab78b5200db37ba7b9b9ffd?s=96&d=mm&r=g","caption":"Ivan Postilhone"},"url":"https:\/\/www.transfercar.com.br\/blog\/?author=6"}]}},"_links":{"self":[{"href":"https:\/\/www.transfercar.com.br\/blog\/index.php?rest_route=\/wp\/v2\/posts\/456","targetHints":{"allow":["GET"]}}],"collection":[{"href":"https:\/\/www.transfercar.com.br\/blog\/index.php?rest_route=\/wp\/v2\/posts"}],"about":[{"href":"https:\/\/www.transfercar.com.br\/blog\/index.php?rest_route=\/wp\/v2\/types\/post"}],"author":[{"embeddable":true,"href":"https:\/\/www.transfercar.com.br\/blog\/index.php?rest_route=\/wp\/v2\/users\/6"}],"replies":[{"embeddable":true,"href":"https:\/\/www.transfercar.com.br\/blog\/index.php?rest_route=%2Fwp%2Fv2%2Fcomments&post=456"}],"version-history":[{"count":1,"href":"https:\/\/www.transfercar.com.br\/blog\/index.php?rest_route=\/wp\/v2\/posts\/456\/revisions"}],"predecessor-version":[{"id":457,"href":"https:\/\/www.transfercar.com.br\/blog\/index.php?rest_route=\/wp\/v2\/posts\/456\/revisions\/457"}],"wp:attachment":[{"href":"https:\/\/www.transfercar.com.br\/blog\/index.php?rest_route=%2Fwp%2Fv2%2Fmedia&parent=456"}],"wp:term":[{"taxonomy":"category","embeddable":true,"href":"https:\/\/www.transfercar.com.br\/blog\/index.php?rest_route=%2Fwp%2Fv2%2Fcategories&post=456"},{"taxonomy":"post_tag","embeddable":true,"href":"https:\/\/www.transfercar.com.br\/blog\/index.php?rest_route=%2Fwp%2Fv2%2Ftags&post=456"}],"curies":[{"name":"wp","href":"https:\/\/api.w.org\/{rel}","templated":true}]}}